{"id":690,"date":"2019-12-09T11:24:16","date_gmt":"2019-12-09T10:24:16","guid":{"rendered":"https:\/\/www.regionetz.net\/?p=690"},"modified":"2019-12-09T15:06:27","modified_gmt":"2019-12-09T14:06:27","slug":"mit-glasfaser-und-funk-fuer-die-zukunft-gewappnet","status":"publish","type":"post","link":"https:\/\/www.regionetz.net\/index.php\/mit-glasfaser-und-funk-fuer-die-zukunft-gewappnet\/","title":{"rendered":"Mit Glasfaser und Funk f\u00fcr die Zukunft gewappnet"},"content":{"rendered":"\n<figure class=\"wp-block-image size-large\"><a href=\"https:\/\/www.regionetz.net\/?page_id=665\"><img decoding=\"async\" src=\"https:\/\/www.regionetz.net\/wp-content\/uploads\/2019\/12\/Norbert_Herter_Masten.jpg\" alt=\"\"\/><\/a><figcaption><a href=\"https:\/\/www.regionetz.net\/?page_id=665\">Die TeleData GmbH, Ihr regionaler Internet- und Serviceprovider,  setzt auf eine Kooperation mit Regionetz.net von Nobert Herter. Von  diesem Zusammenschluss sollen zuk\u00fcnftig sowohl die aktuellen  Regionetz.net-Kunden als auch die TeleData-Kunden profitieren.<br> Telekommunikation ist heutzutage mit eine der wichtigsten Komponente  f\u00fcr einen modernen Lebensstil sowie f\u00fcr den Unternehmens-Alltag. Bei  TeleData profitieren Gesch\u00e4ftskunden nicht nur von dem fl\u00e4chendeckenden  Breitbandausbau auf Glasfaserbasis, sondern auch von Rechenzentrums- und  Cloudl\u00f6sungen sowie ei<\/a>nem direkten Ansprechpartner vor Ort.<\/figcaption><\/figure>\n","protected":false},"excerpt":{"rendered":"","protected":false},"author":1,"featured_media":0,"comment_status":"closed","ping_status":"open","sticky":false,"template":"","format":"standard","meta":{"footnotes":""},"categories":[1],"tags":[],"class_list":["post-690","post","type-post","status-publish","format-standard","hentry","category-allgemein"],"_links":{"self":[{"href":"https:\/\/www.regionetz.net\/index.php\/wp-json\/wp\/v2\/posts\/690","targetHints":{"allow":["GET"]}}],"collection":[{"href":"https:\/\/www.regionetz.net\/index.php\/wp-json\/wp\/v2\/posts"}],"about":[{"href":"https:\/\/www.regionetz.net\/index.php\/wp-json\/wp\/v2\/types\/post"}],"author":[{"embeddable":true,"href":"https:\/\/www.regionetz.net\/index.php\/wp-json\/wp\/v2\/users\/1"}],"replies":[{"embeddable":true,"href":"https:\/\/www.regionetz.net\/index.php\/wp-json\/wp\/v2\/comments?post=690"}],"version-history":[{"count":8,"href":"https:\/\/www.regionetz.net\/index.php\/wp-json\/wp\/v2\/posts\/690\/revisions"}],"predecessor-version":[{"id":702,"href":"https:\/\/www.regionetz.net\/index.php\/wp-json\/wp\/v2\/posts\/690\/revisions\/702"}],"wp:attachment":[{"href":"https:\/\/www.regionetz.net\/index.php\/wp-json\/wp\/v2\/media?parent=690"}],"wp:term":[{"taxonomy":"category","embeddable":true,"href":"https:\/\/www.regionetz.net\/index.php\/wp-json\/wp\/v2\/categories?post=690"},{"taxonomy":"post_tag","embeddable":true,"href":"https:\/\/www.regionetz.net\/index.php\/wp-json\/wp\/v2\/tags?post=690"}],"curies":[{"name":"wp","href":"https:\/\/api.w.org\/{rel}","templated":true}]}}